{"id":1643,"date":"2023-06-29T20:17:17","date_gmt":"2023-06-29T19:17:17","guid":{"rendered":"https:\/\/www.cktt.fr\/wordpress\/?p=1643"},"modified":"2023-06-29T20:17:17","modified_gmt":"2023-06-29T19:17:17","slug":"eve-vitali-medaillee-aux-championnats-deurope-de-descente","status":"publish","type":"post","link":"https:\/\/www.cktt.fr\/?p=1643","title":{"rendered":"Eve Vitali m\u00e9daill\u00e9e aux championnats d&rsquo;Europe de descente"},"content":{"rendered":"\n<p>Toutes nos f\u00e9licitations \u00e0 Eve Vitali pour cette 1\u00e8re m\u00e9daille en cano\u00eb bi-place avec Laura Fontaine<\/p>\n\n\n\n<figure class=\"wp-block-image size-large\"><img decoding=\"async\" src=\"https:\/\/www.cktt.fr\/wordpress\/wp-content\/uploads\/2023\/06\/Championat-d-Europe-de-descente-Skopje-960x960.jpg\" alt=\"\" class=\"wp-image-1644\"\/><\/figure>\n","protected":false},"excerpt":{"rendered":"<p>Toutes nos f\u00e9licitations \u00e0 Eve Vitali pour cette 1\u00e8re m\u00e9daille en cano\u00eb bi-place avec Laura Fontaine<\/p>\n","protected":false},"author":5,"featured_media":0,"comment_status":"closed","ping_status":"","sticky":false,"template":"","format":"standard","meta":{"footnotes":""},"categories":[8],"tags":[],"class_list":["post-1643","post","type-post","status-publish","format-standard","hentry","category-resultats"],"_links":{"self":[{"href":"https:\/\/www.cktt.fr\/index.php?rest_route=\/wp\/v2\/posts\/1643","targetHints":{"allow":["GET"]}}],"collection":[{"href":"https:\/\/www.cktt.fr\/index.php?rest_route=\/wp\/v2\/posts"}],"about":[{"href":"https:\/\/www.cktt.fr\/index.php?rest_route=\/wp\/v2\/types\/post"}],"author":[{"embeddable":true,"href":"https:\/\/www.cktt.fr\/index.php?rest_route=\/wp\/v2\/users\/5"}],"replies":[{"embeddable":true,"href":"https:\/\/www.cktt.fr\/index.php?rest_route=%2Fwp%2Fv2%2Fcomments&post=1643"}],"version-history":[{"count":1,"href":"https:\/\/www.cktt.fr\/index.php?rest_route=\/wp\/v2\/posts\/1643\/revisions"}],"predecessor-version":[{"id":1645,"href":"https:\/\/www.cktt.fr\/index.php?rest_route=\/wp\/v2\/posts\/1643\/revisions\/1645"}],"wp:attachment":[{"href":"https:\/\/www.cktt.fr\/index.php?rest_route=%2Fwp%2Fv2%2Fmedia&parent=1643"}],"wp:term":[{"taxonomy":"category","embeddable":true,"href":"https:\/\/www.cktt.fr\/index.php?rest_route=%2Fwp%2Fv2%2Fcategories&post=1643"},{"taxonomy":"post_tag","embeddable":true,"href":"https:\/\/www.cktt.fr\/index.php?rest_route=%2Fwp%2Fv2%2Ftags&post=1643"}],"curies":[{"name":"wp","href":"https:\/\/api.w.org\/{rel}","templated":true}]}}