{"id":1693,"date":"2023-08-25T20:35:35","date_gmt":"2023-08-25T19:35:35","guid":{"rendered":"https:\/\/www.cktt.fr\/wordpress\/?p=1693"},"modified":"2023-08-25T20:35:35","modified_gmt":"2023-08-25T19:35:35","slug":"traass-2023","status":"publish","type":"post","link":"https:\/\/www.cktt.fr\/?p=1693","title":{"rendered":"TRAASS 2023"},"content":{"rendered":"\n<p>Du 17 au 24 ao\u00fbt, se d\u00e9roulait la Trasss (Tourn\u00e9e Rh\u00f4ne Alpes Auvergne Slalom Sprint) sur les bassins de St Pierre-de-Boeuf (slalom et sprint), de Yenne (kayak cross) et de l&rsquo;Isle de la Serre (slalom et sprint).<\/p>\n\n\n\n<p>Cette comp\u00e9tition r\u00e9unissait les U15 et U18 de plusiurs r\u00e9gions fran\u00e7aises.<\/p>\n\n\n\n<p>Nos 2 ckttistes ont tr\u00e8s bien repr\u00e9sent\u00e9 la r\u00e9gion Aura et notre club puisqu&rsquo;en U15, Laura Lesches<\/p>\n\n\n\n<p>se classe 2\u00e8me en C1 (cano\u00eb) et 1\u00e8re en K1 (kayak) et C\u00e9dric Passas 4\u00e8me en C1 et K1.<\/p>\n\n\n\n<p>Bravo \u00e0 eux.<\/p>\n\n\n\n<figure class=\"wp-block-image size-large\"><img decoding=\"async\" src=\"https:\/\/www.cktt.fr\/wordpress\/wp-content\/uploads\/2023\/08\/IMG-20230822-WA0024-960x638.jpg\" alt=\"\" class=\"wp-image-1694\"\/><\/figure>\n\n\n\n<figure class=\"wp-block-image size-large\"><img decoding=\"async\" src=\"https:\/\/www.cktt.fr\/wordpress\/wp-content\/uploads\/2023\/08\/IMG-20230822-WA0025-960x638.jpg\" alt=\"\" class=\"wp-image-1695\"\/><\/figure>\n","protected":false},"excerpt":{"rendered":"<p>Du 17 au 24 ao\u00fbt, se d\u00e9roulait la Trasss (Tourn\u00e9e Rh\u00f4ne Alpes Auvergne Slalom Sprint) sur les bassins de St Pierre-de-Boeuf (slalom et sprint), de Yenne (kayak cross) et de l&rsquo;Isle de la Serre (slalom et sprint). Cette comp\u00e9tition r\u00e9unissait les U15 et U18 de plusiurs r\u00e9gions fran\u00e7aises. Nos 2 ckttistes ont tr\u00e8s bien repr\u00e9sent\u00e9 la r\u00e9gion Aura et notre club puisqu&rsquo;en U15, Laura Lesches se classe 2\u00e8me en C1 (cano\u00eb) et 1\u00e8re en K1 (kayak) et C\u00e9dric Passas 4\u00e8me en C1 et K1. Bravo \u00e0 eux.<\/p>\n","protected":false},"author":5,"featured_media":0,"comment_status":"closed","ping_status":"","sticky":false,"template":"","format":"standard","meta":{"footnotes":""},"categories":[8],"tags":[],"class_list":["post-1693","post","type-post","status-publish","format-standard","hentry","category-resultats"],"_links":{"self":[{"href":"https:\/\/www.cktt.fr\/index.php?rest_route=\/wp\/v2\/posts\/1693","targetHints":{"allow":["GET"]}}],"collection":[{"href":"https:\/\/www.cktt.fr\/index.php?rest_route=\/wp\/v2\/posts"}],"about":[{"href":"https:\/\/www.cktt.fr\/index.php?rest_route=\/wp\/v2\/types\/post"}],"author":[{"embeddable":true,"href":"https:\/\/www.cktt.fr\/index.php?rest_route=\/wp\/v2\/users\/5"}],"replies":[{"embeddable":true,"href":"https:\/\/www.cktt.fr\/index.php?rest_route=%2Fwp%2Fv2%2Fcomments&post=1693"}],"version-history":[{"count":1,"href":"https:\/\/www.cktt.fr\/index.php?rest_route=\/wp\/v2\/posts\/1693\/revisions"}],"predecessor-version":[{"id":1696,"href":"https:\/\/www.cktt.fr\/index.php?rest_route=\/wp\/v2\/posts\/1693\/revisions\/1696"}],"wp:attachment":[{"href":"https:\/\/www.cktt.fr\/index.php?rest_route=%2Fwp%2Fv2%2Fmedia&parent=1693"}],"wp:term":[{"taxonomy":"category","embeddable":true,"href":"https:\/\/www.cktt.fr\/index.php?rest_route=%2Fwp%2Fv2%2Fcategories&post=1693"},{"taxonomy":"post_tag","embeddable":true,"href":"https:\/\/www.cktt.fr\/index.php?rest_route=%2Fwp%2Fv2%2Ftags&post=1693"}],"curies":[{"name":"wp","href":"https:\/\/api.w.org\/{rel}","templated":true}]}}