{"id":2923,"date":"2024-06-01T21:40:46","date_gmt":"2024-06-01T20:40:46","guid":{"rendered":"https:\/\/www.cktt.fr\/?p=2923"},"modified":"2024-06-01T21:40:46","modified_gmt":"2024-06-01T20:40:46","slug":"top-depart-pour-la-descente-de-la-loire","status":"publish","type":"post","link":"https:\/\/www.cktt.fr\/?p=2923","title":{"rendered":"TOP DEPART POUR LA DESCENTE DE LA LOIRE"},"content":{"rendered":"\n<p>Samedi 11 mai, Patrick Arnaud, pr\u00e9sident du Cktt, et Myriam Massot la tr\u00e9sori\u00e8re se sont lanc\u00e9s avec 4 autres baroudeurs de l&rsquo;association Tracto&rsquo;Dak dans l&rsquo;aventure de la descente de la Loire de Sainte Eulalie \u00e0 St Nazaire soit 1020 km \u00e0 parcourir.<\/p>\n\n\n\n<p>Tout commence par 100 km de marche \u00e0 pied avant d&rsquo;attaquer la navigation jusqu&rsquo;\u00e0 l&rsquo;oc\u00e9an. Nos 6 aventuriers seront en totale autonomie.<\/p>\n\n\n\n<p>Ce raid \u00e0 l&rsquo;initiative de l&rsquo;association Tracto&rsquo;Dak a un <a><\/a>objectif humanitaire, r\u00e9cup\u00e9rer des dons au profit de l&rsquo;association des \u00ab Blouses Roses \u00bb de Vernioz qui intervient aupr\u00e8s des enfants hospitalis\u00e9s et des personnes \u00e2g\u00e9es en Ehpad pour les r\u00e9conforter et les distraire.<\/p>\n\n\n\n<p>Pour plus d&rsquo;informations et faire un don : <a href=\"http:\/\/www.tractodak.com\/?fbclid=IwZXh0bgNhZW0CMTAAAR3kixoOKtfZ8jMKOMMZE3NR3izLJyLNFaCMRxKmD80XPlW-gYGxTTJK_VY_aem_AU4mGetBx4Src_ThbQUq-X_sHFa7yAGHS4S2kFsT27Vhs2VYUthSkPBPPpzNAIiBec0N8rMskQi0j4xi6i4empaV\" rel=\"noreferrer noopener\" target=\"_blank\">http:\/\/www.tractodak.com<\/a><\/p>\n\n\n\n<p>Pour suivre nos aventuriers : <a href=\"http:\/\/pagaie-chaussure-et-guidon.fr\/?fbclid=IwZXh0bgNhZW0CMTAAAR1HFuV8yDNgojKy-RjLsjk4FTO1ABhvklmoRaIJb2out8RJXijysbmk47s_aem_AU7_bKSuN993mjTqhA0F5lwUzyGiiMZSN9pFgj8wFdAyYFfxCL6wgXFUVtYvIu06YKnAM0uqSKbZ2v3-f4TdVg9b\" rel=\"noreferrer noopener\" target=\"_blank\">http:\/\/pagaie-chaussure-et-guidon.fr<\/a><\/p>\n\n\n\n<figure class=\"wp-block-gallery has-nested-images columns-default is-cropped wp-block-gallery-1 is-layout-flex wp-block-gallery-is-layout-flex\">\n<figure class=\"wp-block-image size-large\"><img loading=\"lazy\" decoding=\"async\" width=\"639\" height=\"960\" data-id=\"2924\" src=\"https:\/\/www.cktt.fr\/wp-content\/uploads\/2024\/06\/2024-05-11-Top-depart-639x960.jpg\" alt=\"\" class=\"wp-image-2924\" srcset=\"https:\/\/www.cktt.fr\/wp-content\/uploads\/2024\/06\/2024-05-11-Top-depart-639x960.jpg 639w, https:\/\/www.cktt.fr\/wp-content\/uploads\/2024\/06\/2024-05-11-Top-depart-200x300.jpg 200w, https:\/\/www.cktt.fr\/wp-content\/uploads\/2024\/06\/2024-05-11-Top-depart.jpg 719w\" sizes=\"auto, (max-width: 639px) 100vw, 639px\" \/><\/figure>\n\n\n\n<figure class=\"wp-block-image size-large\"><img loading=\"lazy\" decoding=\"async\" width=\"960\" height=\"641\" data-id=\"2925\" src=\"https:\/\/www.cktt.fr\/wp-content\/uploads\/2024\/06\/2024-05-11b-Top-depart-960x641.jpg\" alt=\"\" class=\"wp-image-2925\" srcset=\"https:\/\/www.cktt.fr\/wp-content\/uploads\/2024\/06\/2024-05-11b-Top-depart-960x641.jpg 960w, https:\/\/www.cktt.fr\/wp-content\/uploads\/2024\/06\/2024-05-11b-Top-depart-300x200.jpg 300w, https:\/\/www.cktt.fr\/wp-content\/uploads\/2024\/06\/2024-05-11b-Top-depart-768x513.jpg 768w, https:\/\/www.cktt.fr\/wp-content\/uploads\/2024\/06\/2024-05-11b-Top-depart-1140x761.jpg 1140w, https:\/\/www.cktt.fr\/wp-content\/uploads\/2024\/06\/2024-05-11b-Top-depart.jpg 1512w\" sizes=\"auto, (max-width: 960px) 100vw, 960px\" \/><\/figure>\n<\/figure>\n","protected":false},"excerpt":{"rendered":"<p>Samedi 11 mai, Patrick Arnaud, pr\u00e9sident du Cktt, et Myriam Massot la tr\u00e9sori\u00e8re se sont lanc\u00e9s avec 4 autres baroudeurs de l&rsquo;association Tracto&rsquo;Dak dans l&rsquo;aventure de la descente de la Loire de Sainte Eulalie \u00e0 St Nazaire soit 1020 km \u00e0 parcourir. Tout commence par 100 km de marche \u00e0 pied avant d&rsquo;attaquer la navigation jusqu&rsquo;\u00e0 l&rsquo;oc\u00e9an. Nos 6 aventuriers seront en totale autonomie. Ce raid \u00e0 l&rsquo;initiative de l&rsquo;association Tracto&rsquo;Dak a un objectif humanitaire, r\u00e9cup\u00e9rer des dons au profit de l&rsquo;association des \u00ab Blouses Roses \u00bb de Vernioz qui intervient aupr\u00e8s des enfants hospitalis\u00e9s et des personnes \u00e2g\u00e9es en Ehpad pour les r\u00e9conforter et les distraire. Pour plus d&rsquo;informations et faire un don : http:\/\/www.tractodak.com Pour suivre nos aventuriers : http:\/\/pagaie-chaussure-et-guidon.fr<\/p>\n","protected":false},"author":2,"featured_media":0,"comment_status":"closed","ping_status":"","sticky":false,"template":"","format":"standard","meta":{"footnotes":""},"categories":[5],"tags":[],"class_list":["post-2923","post","type-post","status-publish","format-standard","hentry","category-les-sorties"],"_links":{"self":[{"href":"https:\/\/www.cktt.fr\/index.php?rest_route=\/wp\/v2\/posts\/2923","targetHints":{"allow":["GET"]}}],"collection":[{"href":"https:\/\/www.cktt.fr\/index.php?rest_route=\/wp\/v2\/posts"}],"about":[{"href":"https:\/\/www.cktt.fr\/index.php?rest_route=\/wp\/v2\/types\/post"}],"author":[{"embeddable":true,"href":"https:\/\/www.cktt.fr\/index.php?rest_route=\/wp\/v2\/users\/2"}],"replies":[{"embeddable":true,"href":"https:\/\/www.cktt.fr\/index.php?rest_route=%2Fwp%2Fv2%2Fcomments&post=2923"}],"version-history":[{"count":1,"href":"https:\/\/www.cktt.fr\/index.php?rest_route=\/wp\/v2\/posts\/2923\/revisions"}],"predecessor-version":[{"id":2926,"href":"https:\/\/www.cktt.fr\/index.php?rest_route=\/wp\/v2\/posts\/2923\/revisions\/2926"}],"wp:attachment":[{"href":"https:\/\/www.cktt.fr\/index.php?rest_route=%2Fwp%2Fv2%2Fmedia&parent=2923"}],"wp:term":[{"taxonomy":"category","embeddable":true,"href":"https:\/\/www.cktt.fr\/index.php?rest_route=%2Fwp%2Fv2%2Fcategories&post=2923"},{"taxonomy":"post_tag","embeddable":true,"href":"https:\/\/www.cktt.fr\/index.php?rest_route=%2Fwp%2Fv2%2Ftags&post=2923"}],"curies":[{"name":"wp","href":"https:\/\/api.w.org\/{rel}","templated":true}]}}