{"id":2930,"date":"2024-06-01T21:45:07","date_gmt":"2024-06-01T20:45:07","guid":{"rendered":"https:\/\/www.cktt.fr\/?p=2930"},"modified":"2024-06-01T21:45:07","modified_gmt":"2024-06-01T20:45:07","slug":"championnat-de-france-de-descente","status":"publish","type":"post","link":"https:\/\/www.cktt.fr\/?p=2930","title":{"rendered":"Championnat de France de descente"},"content":{"rendered":"\n<p>Ce weekend se d\u00e9roulait le championnat de France de descente classique \u00e0 Treignac en Corr\u00e8ze.<\/p>\n\n\n\n<p>Sur un parcours tr\u00e8s technique de 5.4 km sur la V\u00e9z\u00e8re , pr\u00e8s de 270 kayakistes et c\u00e9istes se sont affront\u00e9s pour obtenir le titre tant convoit\u00e9.<\/p>\n\n\n\n<p>C\u00e9dric Passas, seul repr\u00e9sentant du Cktt, pour sa 1\u00e8re ann\u00e9e en U18 a obtenu son billet pour y participer.<\/p>\n\n\n\n<p>Il se classe 34\u00e8me en kayak en 20&rsquo;31 et 13\u00e8me en cano\u00eb.<\/p>\n\n\n\n<figure class=\"wp-block-gallery has-nested-images columns-default is-cropped wp-block-gallery-1 is-layout-flex wp-block-gallery-is-layout-flex\">\n<figure class=\"wp-block-image size-large\"><img loading=\"lazy\" decoding=\"async\" width=\"960\" height=\"720\" data-id=\"2931\" src=\"https:\/\/www.cktt.fr\/wp-content\/uploads\/2024\/06\/2024-05-19-Treignac-960x720.jpg\" alt=\"\" class=\"wp-image-2931\" srcset=\"https:\/\/www.cktt.fr\/wp-content\/uploads\/2024\/06\/2024-05-19-Treignac-960x720.jpg 960w, https:\/\/www.cktt.fr\/wp-content\/uploads\/2024\/06\/2024-05-19-Treignac-300x225.jpg 300w, https:\/\/www.cktt.fr\/wp-content\/uploads\/2024\/06\/2024-05-19-Treignac-768x576.jpg 768w, https:\/\/www.cktt.fr\/wp-content\/uploads\/2024\/06\/2024-05-19-Treignac-1536x1152.jpg 1536w, https:\/\/www.cktt.fr\/wp-content\/uploads\/2024\/06\/2024-05-19-Treignac-1140x855.jpg 1140w, https:\/\/www.cktt.fr\/wp-content\/uploads\/2024\/06\/2024-05-19-Treignac.jpg 2048w\" sizes=\"auto, (max-width: 960px) 100vw, 960px\" \/><\/figure>\n<\/figure>\n","protected":false},"excerpt":{"rendered":"<p>Ce weekend se d\u00e9roulait le championnat de France de descente classique \u00e0 Treignac en Corr\u00e8ze. Sur un parcours tr\u00e8s technique de 5.4 km sur la V\u00e9z\u00e8re , pr\u00e8s de 270 kayakistes et c\u00e9istes se sont affront\u00e9s pour obtenir le titre tant convoit\u00e9. C\u00e9dric Passas, seul repr\u00e9sentant du Cktt, pour sa 1\u00e8re ann\u00e9e en U18 a obtenu son billet pour y participer. Il se classe 34\u00e8me en kayak en 20&rsquo;31 et 13\u00e8me en cano\u00eb.<\/p>\n","protected":false},"author":2,"featured_media":0,"comment_status":"closed","ping_status":"","sticky":false,"template":"","format":"standard","meta":{"footnotes":""},"categories":[8],"tags":[],"class_list":["post-2930","post","type-post","status-publish","format-standard","hentry","category-resultats"],"_links":{"self":[{"href":"https:\/\/www.cktt.fr\/index.php?rest_route=\/wp\/v2\/posts\/2930","targetHints":{"allow":["GET"]}}],"collection":[{"href":"https:\/\/www.cktt.fr\/index.php?rest_route=\/wp\/v2\/posts"}],"about":[{"href":"https:\/\/www.cktt.fr\/index.php?rest_route=\/wp\/v2\/types\/post"}],"author":[{"embeddable":true,"href":"https:\/\/www.cktt.fr\/index.php?rest_route=\/wp\/v2\/users\/2"}],"replies":[{"embeddable":true,"href":"https:\/\/www.cktt.fr\/index.php?rest_route=%2Fwp%2Fv2%2Fcomments&post=2930"}],"version-history":[{"count":1,"href":"https:\/\/www.cktt.fr\/index.php?rest_route=\/wp\/v2\/posts\/2930\/revisions"}],"predecessor-version":[{"id":2932,"href":"https:\/\/www.cktt.fr\/index.php?rest_route=\/wp\/v2\/posts\/2930\/revisions\/2932"}],"wp:attachment":[{"href":"https:\/\/www.cktt.fr\/index.php?rest_route=%2Fwp%2Fv2%2Fmedia&parent=2930"}],"wp:term":[{"taxonomy":"category","embeddable":true,"href":"https:\/\/www.cktt.fr\/index.php?rest_route=%2Fwp%2Fv2%2Fcategories&post=2930"},{"taxonomy":"post_tag","embeddable":true,"href":"https:\/\/www.cktt.fr\/index.php?rest_route=%2Fwp%2Fv2%2Ftags&post=2930"}],"curies":[{"name":"wp","href":"https:\/\/api.w.org\/{rel}","templated":true}]}}